{"id":4520,"date":"2015-11-11T16:34:14","date_gmt":"2015-11-11T15:34:14","guid":{"rendered":"http:\/\/www.stve.fr\/Actu\/?p=4520"},"modified":"2015-11-11T16:42:29","modified_gmt":"2015-11-11T15:42:29","slug":"le-vin-fait-partie-de-notre-patrimoine","status":"publish","type":"post","link":"http:\/\/www.stve.fr\/Actu\/2015\/11\/11\/le-vin-fait-partie-de-notre-patrimoine\/","title":{"rendered":"Le vin fait partie de notre patrimoine"},"content":{"rendered":"<blockquote><p><strong style=\"font-size: 18px;\">\u00ab\u00a0Le vin fait partie de notre patrimoine : soyons en fiers et faisons le savoir\u00a0\u00bb<\/strong><br \/>\nDes d\u00e9put\u00e9s Les R\u00e9publicains et UDI ont publi\u00e9 un communiqu\u00e9 lundi 9 novembre, intitul\u00e9 \u00ab\u00a0Le vin fait partie de notre patrimoine : soyons en fiers et faisons le savoir\u00a0\u00bb.<br \/>\nIls y affichent leur volont\u00e9 de maintenir dans le projet de loi sant\u00e9 l&rsquo;assouplissement de la loi Evin introduit par le S\u00e9nat contre l&rsquo;avis du gouvernement.<\/p><\/blockquote>\n<p><!--more--><br \/>\nLe projet de loi sur la sant\u00e9 port\u00e9 par Marisol Touraine revient en nouvelle lecture \u00e0 l&rsquo;Assembl\u00e9e, \u00e0 partir de lundi en commission, et \u00e0 compter du 16 novembre dans l&rsquo;h\u00e9micycle.<\/p>\n<p>Le S\u00e9nat a modifi\u00e9 mi-septembre la loi Evin via ce texte, en \u00e9tablissant une distinction entre la publicit\u00e9 sur les boissons alcooliques et l&rsquo;information oenologique. Le Parlement avait vot\u00e9 un amendement similaire dans le cadre de la loi Macron, mais cette mesure avait \u00e9t\u00e9 retoqu\u00e9e par le Conseil constitutionnel.<\/p>\n<p><strong>CADRE L\u00c9GAL CLARIFI\u00c9<\/strong><\/p>\n<p>Plaidant que la modification de la loi Evin a \u00e9t\u00e9 introduite au S\u00e9nat \u00ab\u00a0\u00e0 une tr\u00e8s large majorit\u00e9, rassemblant toutes les sensibilit\u00e9s politiques\u00a0\u00bb, une trentaine de d\u00e9put\u00e9s des groupes Les R\u00e9publicains et Union des d\u00e9mocrates et ind\u00e9pendants ont souhait\u00e9, dans un communiqu\u00e9, le maintien \u00e0 l&rsquo;Assembl\u00e9e de \u00ab\u00a0cette mesure qui repr\u00e9sente un enjeu important pour la fili\u00e8re viticole fran\u00e7aise, les territoires et les r\u00e9gions\u00a0\u00bb.<\/p>\n<p>Cela \u00ab\u00a0donnera la possibilit\u00e9 de d\u00e9velopper l&rsquo;information sur l&rsquo;activit\u00e9 viti-vinicole et sur l&rsquo;oenotourisme dans un cadre l\u00e9gal clarifi\u00e9 sans remettre en cause les dispositions existantes en mati\u00e8re de publicit\u00e9 pr\u00e9vues dans la loi Evin\u00a0\u00bb, selon les deux premiers signataires, Jean-Christophe Fromantin (UDI) et Philippe Vigier, pr\u00e9sident du groupe centriste.<\/p>\n<p><strong>TROISI\u00c8ME SECTEUR \u00c9CONOMIQUE EXPORTATEUR NATIONAL<\/strong><\/p>\n<p>La fili\u00e8re viticole est le troisi\u00e8me secteur \u00e9conomique exportateur national et repr\u00e9sente 500.000 emplois dans 17 r\u00e9gions, ont notamment argument\u00e9 les d\u00e9put\u00e9s dans leur communiqu\u00e9 intitul\u00e9 \u00ab\u00a0Le vin fait partie de notre patrimoine : soyons en fiers et faisons le savoir\u00a0\u00bb.<\/p>\n<p>\u00ab\u00a0La publicit\u00e9 pour le vin n&rsquo;est pas interdite, elle existe\u00a0\u00bb et \u00ab\u00a0il y a un \u00e9quilibre dans la loi Evin, qui permet de d\u00e9velopper l&rsquo;oenologie\u00a0\u00bb, a object\u00e9 la ministre de la Sant\u00e9 au S\u00e9nat.<\/p>\n<p>La proportion de Fran\u00e7ais d\u00e9clarant boire du vin a augment\u00e9 entre 2010 et 2015 pour la premi\u00e8re fois depuis quinze ans, mais cette consommation est plus occasionnelle et le vin davantage per\u00e7u comme un produit \u00ab\u00a0culturel\u00a0\u00bb, selon une \u00e9tude publi\u00e9e le 13 octobre par FranceAgriMer.<\/p>\n<p style=\"font-size: 10px;\">Sources : AFP<\/p>\n","protected":false},"excerpt":{"rendered":"<p>\u00ab\u00a0Le vin fait partie de notre patrimoine : soyons en fiers et faisons le savoir\u00a0\u00bb Des d\u00e9put\u00e9s Les R\u00e9publicains et UDI ont publi\u00e9 un communiqu\u00e9 lundi 9 novembre, intitul\u00e9 \u00ab\u00a0Le vin fait partie de notre patrimoine : soyons en fiers et faisons le savoir\u00a0\u00bb. Ils y affichent leur volont\u00e9 de maintenir dans le projet de [&hellip;]<\/p>\n","protected":false},"author":1,"featured_media":4524,"comment_status":"open","ping_status":"open","sticky":false,"template":"","format":"standard","meta":{"footnotes":""},"categories":[34],"tags":[],"class_list":["post-4520","post","type-post","status-publish","format-standard","has-post-thumbnail","hentry","category-actualites"],"_links":{"self":[{"href":"http:\/\/www.stve.fr\/Actu\/wp-json\/wp\/v2\/posts\/4520","targetHints":{"allow":["GET"]}}],"collection":[{"href":"http:\/\/www.stve.fr\/Actu\/wp-json\/wp\/v2\/posts"}],"about":[{"href":"http:\/\/www.stve.fr\/Actu\/wp-json\/wp\/v2\/types\/post"}],"author":[{"embeddable":true,"href":"http:\/\/www.stve.fr\/Actu\/wp-json\/wp\/v2\/users\/1"}],"replies":[{"embeddable":true,"href":"http:\/\/www.stve.fr\/Actu\/wp-json\/wp\/v2\/comments?post=4520"}],"version-history":[{"count":3,"href":"http:\/\/www.stve.fr\/Actu\/wp-json\/wp\/v2\/posts\/4520\/revisions"}],"predecessor-version":[{"id":4523,"href":"http:\/\/www.stve.fr\/Actu\/wp-json\/wp\/v2\/posts\/4520\/revisions\/4523"}],"wp:featuredmedia":[{"embeddable":true,"href":"http:\/\/www.stve.fr\/Actu\/wp-json\/wp\/v2\/media\/4524"}],"wp:attachment":[{"href":"http:\/\/www.stve.fr\/Actu\/wp-json\/wp\/v2\/media?parent=4520"}],"wp:term":[{"taxonomy":"category","embeddable":true,"href":"http:\/\/www.stve.fr\/Actu\/wp-json\/wp\/v2\/categories?post=4520"},{"taxonomy":"post_tag","embeddable":true,"href":"http:\/\/www.stve.fr\/Actu\/wp-json\/wp\/v2\/tags?post=4520"}],"curies":[{"name":"wp","href":"https:\/\/api.w.org\/{rel}","templated":true}]}}