{"id":4889,"date":"2016-02-22T08:12:29","date_gmt":"2016-02-22T07:12:29","guid":{"rendered":"http:\/\/www.stve.fr\/Actu\/?p=4889"},"modified":"2016-02-22T08:12:29","modified_gmt":"2016-02-22T07:12:29","slug":"le-vin-de-france-veut-se-moderniser","status":"publish","type":"post","link":"http:\/\/www.stve.fr\/Actu\/2016\/02\/22\/le-vin-de-france-veut-se-moderniser\/","title":{"rendered":"Le \u00ab\u00a0Vin de France\u00a0\u00bb veut se moderniser"},"content":{"rendered":"<blockquote><p>La cat\u00e9gorie \u00ab\u00a0Vin de France\u00a0\u00bb, vendue sous une marque ou un c\u00e9page et non une appellation, notamment \u00e0 l&rsquo;international, veut convaincre les viticulteurs de produire sp\u00e9cialement pour elle, et pas que pour les vins \u00e0 labels.<\/p><\/blockquote>\n<p><!--more--><br \/>\nAujourd&rsquo;hui, \u00ab\u00a0quand on fait du Vin de France, c&rsquo;est par d\u00e9faut\u00a0\u00bb, alors \u00ab\u00a0qu&rsquo;on pourrait faire une autre viticulture en France, moderne, vivante, \u00e9co-responsable, et d\u00e9di\u00e9e au &lsquo;Vin de France&rsquo; pour r\u00e9pondre aux crit\u00e8res des marques dans la comp\u00e9tition internationale\u00a0\u00bb, d\u00e9plore Bruno Kessler, vice-pr\u00e9sident de l&rsquo;interprofession Anivin.<\/p>\n<p>Un vigneron peut aussi choisir de faire du \u00ab\u00a0vin de France\u00a0\u00bb s&rsquo;il ne souhaite pas \u00e0 se soumettre au cahier des charges de l&rsquo;appellation qu&rsquo;il pourrait revendiquer.<\/p>\n<p>Anivin a \u00e9t\u00e9 cr\u00e9\u00e9e en 2009 apr\u00e8s une r\u00e9forme men\u00e9e par Bruxelles en 2008 qui a permis de cr\u00e9er la cat\u00e9gorie \u00ab\u00a0Vin de France\u00a0\u00bb ou vin sans indication g\u00e9ographique (SIG), venue compl\u00e9ter les cat\u00e9gories avec une indication g\u00e9ographique prot\u00e9g\u00e9e (IGP) ou des labels de qualit\u00e9 comme les vins AOC.<\/p>\n<p>&nbsp;<\/p>\n<p><strong>METTRE EN AVANT LES C\u00c9PAGES<\/strong><\/p>\n<p>Cette nouvelle cat\u00e9gorie a int\u00e9gr\u00e9 les vins fran\u00e7ais plut\u00f4t bas de gamme, autrefois appel\u00e9s vins de table. Mais elle a aussi permis de mettre en avant les c\u00e9pages de ses vins de table, Chardonnay, Cabernet-Sauvignon, Merlot&#8230; rompant ainsi avec une longue tradition de promotion des terroirs.<\/p>\n<p>Une strat\u00e9gie qui a pay\u00e9 puisque les ventes de bouteilles de \u00ab\u00a0Vin de France\u00a0\u00bb c\u00e9page ont \u00e9t\u00e9 multipli\u00e9es par deux en volume entre 2010 et 2015 \u00e0 1,5 millions d&rsquo;hectolitres.<\/p>\n<p>Mais face \u00e0 ce succ\u00e8s, Anivin souligne le probl\u00e8me de l&rsquo;approvisionnement, bas\u00e9 sur les volumes de vin restant une fois que les vignobles AOC et IGP ont pris ce dont ils avaient besoin.<\/p>\n<p>Or, la production a \u00e9t\u00e9 faible cette saison et il n&rsquo;est pas rest\u00e9 grand chose pour les vins SIG.<\/p>\n<p>Sur les 752.000 hectares plant\u00e9s de vignobles en France en 2014 seuls 37.500 \u00e9taient d\u00e9di\u00e9s au \u00ab\u00a0Vin de France\u00a0\u00bb, selon Agreste, le service statistique du minist\u00e8re de l&rsquo;Agriculture.<\/p>\n<p>&nbsp;<\/p>\n<p><strong>CONVAINCRE DE JEUNES VITICULTEURS<\/strong><\/p>\n<p>Anivin cherche donc \u00e0 convaincre les viticulteurs d&rsquo;abandonner les contraintes des cahiers des charges des AOC, en mettant en avant une culture facilit\u00e9e par la m\u00e9canisation de la taille des vignes ou le recours \u00e0 l&rsquo;enherbement entre les ceps par exemple. Pour cela l&rsquo;association a \u00e9dit\u00e9 un guide pratique de ces nouvelles techniques aux \u00e9ditions Dunod.<\/p>\n<p>Convaincre de jeunes viticulteurs est crucial \u00e0 l&rsquo;heure o\u00f9 de nombreux exploitants partent \u00e0 la retraite et alors que la r\u00e9forme europ\u00e9enne des droits de plantation a cr\u00e9\u00e9 un potentiel de 8.000 hectares cultivables suppl\u00e9mentaires au 1er janvier.<\/p>\n<p>\u00ab\u00a0Ma cave coop\u00e9rative est dans une d\u00e9marche d&rsquo;accompagnement du changement des g\u00e9n\u00e9rations\u00a0\u00bb, avec des reprises et des cr\u00e9ations de vignobles, \u00ab\u00a0et plusieurs caves sont dans cette d\u00e9marche l\u00e0\u00a0\u00bb, explique Serge Tintane, pr\u00e9sident d&rsquo;Anivin et des Caves et Vignobles du Gers qui cultive des vignes \u00ab\u00a0Vin de France\u00a0\u00bb depuis 8 ans.<\/p>\n<p>&nbsp;<\/p>\n<p><strong>VINS DE C\u00c9PAGE AUSTRALIENS, CHILIENS, CALIFORNIENS<\/strong><\/p>\n<p>L&rsquo;interprofession souhaite aussi que des producteurs demandent des droits de plantation pour faire du SIG.<\/p>\n<p>\u00ab\u00a0Certains nous ont dit &lsquo;on ne va pas remettre du vin de table&rsquo;, non on va remettre du &lsquo;vin de France'\u00a0\u00bb, clame M. Kessler.<\/p>\n<p>Argument suppl\u00e9mentaire, les marques et les vins de c\u00e9page australiens, chiliens et californiens ont taill\u00e9 des croupi\u00e8res aux vins fran\u00e7ais \u00e0 l&rsquo;international. La France repr\u00e9sentait 19% des exportations de vin dans le monde en 2005 mais seulement 14% en 2014.<\/p>\n<p>&nbsp;<\/p>\n<p><strong>LE SEGMENT EST PORTEUR<\/strong><\/p>\n<p>Or, \u00ab\u00a0les concurrents du nouveau monde ont attaqu\u00e9 le coeur de march\u00e9, ils ont d\u00e9velopp\u00e9 des marques alors m\u00eame que nous nous focalisions sur les origines g\u00e9ographiques\u00a0\u00bb, assure Laurent Delaunay, responsable du marketing \u00e0 l&rsquo;Anivin.<\/p>\n<p>En tout cas, le segment est porteur et le premier groupe coop\u00e9ratif fran\u00e7ais InVivo a cr\u00e9\u00e9 mi-2015 un nouveau p\u00f4le d&rsquo;activit\u00e9s consacr\u00e9 au vin, avec l&rsquo;ambition de devenir le troisi\u00e8me acteur du march\u00e9 hexagonal.<\/p>\n<p>L&rsquo;id\u00e9e du groupe est de \u00ab\u00a0mieux marketer et vendre\u00a0\u00bb le vin en vrac \u00e0 l&rsquo;export, alors que \u00ab\u00a0toute la croissance mondiale (dans le vin) se fait sur des marques pilot\u00e9es par des acteurs internationaux\u00a0\u00bb mais pas fran\u00e7ais, selon Thierry Blandini\u00e8res, directeur g\u00e9n\u00e9ral d&rsquo;InVivo.<\/p>\n<p>&nbsp;<\/p>\n<p style=\"font-size: 10px;\">Sources : <a href=\"http:\/\/www.larvf.com\">AFP \/ www.larvf.com <\/a><\/p>\n","protected":false},"excerpt":{"rendered":"<p>La cat\u00e9gorie \u00ab\u00a0Vin de France\u00a0\u00bb, vendue sous une marque ou un c\u00e9page et non une appellation, notamment \u00e0 l&rsquo;international, veut convaincre les viticulteurs de produire sp\u00e9cialement pour elle, et pas que pour les vins \u00e0 labels.<\/p>\n","protected":false},"author":1,"featured_media":4891,"comment_status":"open","ping_status":"open","sticky":false,"template":"","format":"standard","meta":{"footnotes":""},"categories":[34],"tags":[],"class_list":["post-4889","post","type-post","status-publish","format-standard","has-post-thumbnail","hentry","category-actualites"],"_links":{"self":[{"href":"http:\/\/www.stve.fr\/Actu\/wp-json\/wp\/v2\/posts\/4889","targetHints":{"allow":["GET"]}}],"collection":[{"href":"http:\/\/www.stve.fr\/Actu\/wp-json\/wp\/v2\/posts"}],"about":[{"href":"http:\/\/www.stve.fr\/Actu\/wp-json\/wp\/v2\/types\/post"}],"author":[{"embeddable":true,"href":"http:\/\/www.stve.fr\/Actu\/wp-json\/wp\/v2\/users\/1"}],"replies":[{"embeddable":true,"href":"http:\/\/www.stve.fr\/Actu\/wp-json\/wp\/v2\/comments?post=4889"}],"version-history":[{"count":2,"href":"http:\/\/www.stve.fr\/Actu\/wp-json\/wp\/v2\/posts\/4889\/revisions"}],"predecessor-version":[{"id":4892,"href":"http:\/\/www.stve.fr\/Actu\/wp-json\/wp\/v2\/posts\/4889\/revisions\/4892"}],"wp:featuredmedia":[{"embeddable":true,"href":"http:\/\/www.stve.fr\/Actu\/wp-json\/wp\/v2\/media\/4891"}],"wp:attachment":[{"href":"http:\/\/www.stve.fr\/Actu\/wp-json\/wp\/v2\/media?parent=4889"}],"wp:term":[{"taxonomy":"category","embeddable":true,"href":"http:\/\/www.stve.fr\/Actu\/wp-json\/wp\/v2\/categories?post=4889"},{"taxonomy":"post_tag","embeddable":true,"href":"http:\/\/www.stve.fr\/Actu\/wp-json\/wp\/v2\/tags?post=4889"}],"curies":[{"name":"wp","href":"https:\/\/api.w.org\/{rel}","templated":true}]}}