{"id":5125,"date":"2016-05-09T23:18:04","date_gmt":"2016-05-09T22:18:04","guid":{"rendered":"http:\/\/www.stve.fr\/Actu\/?p=5125"},"modified":"2016-05-09T23:18:04","modified_gmt":"2016-05-09T22:18:04","slug":"rallye-du-saint-emilion","status":"publish","type":"post","link":"http:\/\/www.stve.fr\/Actu\/2016\/05\/09\/rallye-du-saint-emilion\/","title":{"rendered":"Rallye du Saint-Emilion"},"content":{"rendered":"<blockquote><p><strong style=\"font-size: 18px;\">Une immersion dans l\u2019ambiance du Rallye du Saint-Emilion 2016.<\/strong><br \/>\nAvec la STVE, S2E, la Team FJ et Lou Gascoun, plongez dans le c\u0153ur battant de ce week-end plein d\u2019\u00e9motions\u2026 Du partage, de l\u2019amiti\u00e9, de la passion et du respect\u2026<br \/>\nUn cocktail qui nous a fait vivre \u00e0 tous des moments inoubliables\u2026<br \/>\n<strong> Prochainement les photos \u00ab action \u00bb ainsi que les grands moments du Team en vid\u00e9o \u2026<\/strong><br \/>\n<strong>Merci \u00e0 tous\u2026 et \u00e0 tr\u00e8s bient\u00f4t donc\u2026<\/strong><br \/>\n<strong> Amiti\u00e9s, Genevi\u00e8ve, Fr\u00e9d\u00e9ric et Philippe Merias\u2026<\/strong><\/p><\/blockquote>\n<p><!--more--><\/p>\n<p>[av_gallery ids=&rsquo;5127,5128,5129,5130,5131,5132,5133,5134,5135,5136,5137,5138,5139,5140,5141,5142,5143,5144,5145,5146,5147,5148,5149,5150,5151,5152,5153,5154,5155,5156,5157,5158,5159,5160,5161,5162,5163,5164,5165,5166,5167,5168,5169,5170,5171,5172,5173,5174,5175,5176,5177,5178,5179,5180,5181,5182,5183,5184,5185,5186,5187,5188,5189,5190,5191,5192,5193,5194,5195,5196,5197,5198,5199,5200,5201,5202,5203,5204,5205,5206,5207,5208,5209,5210,5211,5212,5213,5214,5215,5216,5217,5218,5219,5220,5221,5222,5223,5224,5225,5226,5227,5228,5229,5230,5231,5232,5233,5234,5235,5236,5237,5238,5239,5240,5241,5242,5243,5244,5245,5246,5247,5248,5249,5250,5251,5252,5253,5254,5255,5256,5257,5258,5259,5260,5261,5262,5263,5264,5265,5266,5267,5268,5269,5270,5271,5272,5273,5126&prime; style=&rsquo;thumbnails&rsquo; preview_size=&rsquo;portfolio&rsquo; crop_big_preview_thumbnail=&rsquo;avia-gallery-big-crop-thumb&rsquo; thumb_size=&rsquo;portfolio&rsquo; columns=&rsquo;6&prime; imagelink=&rsquo;lightbox&rsquo; lazyload=&rsquo;avia_lazyload&rsquo;]<\/p>\n<p style=\"font-size: 10px;\">Cr\u00e9dits photos : <a href=\"http:\/\/www.fhgraphisme.fr\">www.fhgraphisme.fr<\/a><\/p>\n","protected":false},"excerpt":{"rendered":"<p>Une immersion dans l\u2019ambiance du Rallye du Saint-Emilion 2016. Avec la STVE, S2E, la Team FJ et Lou Gascoun, plongez dans le c\u0153ur battant de ce week-end plein d\u2019\u00e9motions\u2026 Du partage, de l\u2019amiti\u00e9, de la passion et du respect\u2026 Un cocktail qui nous a fait vivre \u00e0 tous des moments inoubliables\u2026 Prochainement les photos \u00ab [&hellip;]<\/p>\n","protected":false},"author":1,"featured_media":5203,"comment_status":"open","ping_status":"open","sticky":false,"template":"","format":"standard","meta":{"footnotes":""},"categories":[40],"tags":[],"class_list":["post-5125","post","type-post","status-publish","format-standard","has-post-thumbnail","hentry","category-sport"],"_links":{"self":[{"href":"http:\/\/www.stve.fr\/Actu\/wp-json\/wp\/v2\/posts\/5125","targetHints":{"allow":["GET"]}}],"collection":[{"href":"http:\/\/www.stve.fr\/Actu\/wp-json\/wp\/v2\/posts"}],"about":[{"href":"http:\/\/www.stve.fr\/Actu\/wp-json\/wp\/v2\/types\/post"}],"author":[{"embeddable":true,"href":"http:\/\/www.stve.fr\/Actu\/wp-json\/wp\/v2\/users\/1"}],"replies":[{"embeddable":true,"href":"http:\/\/www.stve.fr\/Actu\/wp-json\/wp\/v2\/comments?post=5125"}],"version-history":[{"count":3,"href":"http:\/\/www.stve.fr\/Actu\/wp-json\/wp\/v2\/posts\/5125\/revisions"}],"predecessor-version":[{"id":5276,"href":"http:\/\/www.stve.fr\/Actu\/wp-json\/wp\/v2\/posts\/5125\/revisions\/5276"}],"wp:featuredmedia":[{"embeddable":true,"href":"http:\/\/www.stve.fr\/Actu\/wp-json\/wp\/v2\/media\/5203"}],"wp:attachment":[{"href":"http:\/\/www.stve.fr\/Actu\/wp-json\/wp\/v2\/media?parent=5125"}],"wp:term":[{"taxonomy":"category","embeddable":true,"href":"http:\/\/www.stve.fr\/Actu\/wp-json\/wp\/v2\/categories?post=5125"},{"taxonomy":"post_tag","embeddable":true,"href":"http:\/\/www.stve.fr\/Actu\/wp-json\/wp\/v2\/tags?post=5125"}],"curies":[{"name":"wp","href":"https:\/\/api.w.org\/{rel}","templated":true}]}}