{"id":5458,"date":"2016-05-26T04:19:30","date_gmt":"2016-05-26T03:19:30","guid":{"rendered":"http:\/\/www.stve.fr\/Actu\/?p=5458"},"modified":"2016-05-26T04:19:30","modified_gmt":"2016-05-26T03:19:30","slug":"du-podium-au-da-racing","status":"publish","type":"post","link":"http:\/\/www.stve.fr\/Actu\/2016\/05\/26\/du-podium-au-da-racing\/","title":{"rendered":"Du podium au DA Racing"},"content":{"rendered":"<blockquote><p><strong>Quelques images de glisse pour un podium<\/strong><br \/>\nAndr\u00e9a Dubourg a vite compris le mode d&#8217;emploi de la DS3 RX DAR quatre roues motrices d\u00e9veloppant 550 chevaux. Le pilote du DA Racing est mont\u00e9 sur le podium d\u00e8s sa deuxi\u00e8me course et en profite pour r\u00e9aliser une tr\u00e8s bonne op\u00e9ration pour le Championnat de France.<\/p><\/blockquote>\n<p><!--more--><\/p>\n<p>[av_gallery ids=&rsquo;5460,5461,5462,5463,5464,5465,5466,5467,5468,5469,5470&prime; style=&rsquo;thumbnails&rsquo; preview_size=&rsquo;portfolio&rsquo; crop_big_preview_thumbnail=&rsquo;avia-gallery-big-crop-thumb&rsquo; thumb_size=&rsquo;portfolio&rsquo; columns=&rsquo;6&prime; imagelink=&rsquo;lightbox&rsquo; lazyload=&rsquo;avia_lazyload&rsquo;]<\/p>\n<p>Le DA Racing est sur tous les fronts en ce d\u00e9but de saison, apr\u00e8s deux courses en World RX (Hockenheim) et Euro RX (Belgique) avec Jean-Baptiste Dubourg, c&rsquo;\u00e9tait au tour d&rsquo;Andr\u00e9a Dubourg de reprendre le volant de la DS3 RX DAR. Et le pilote du DA Racing ne cachait pas son impatience et signe le meilleur temps dans la premi\u00e8re manche qualificative avant de pointer au deuxi\u00e8me rang \u00e0 l&rsquo;issue de la premi\u00e8re journ\u00e9e. Dimanche, les orages s&rsquo;abattent sur le circuit de Ch\u00e2teauroux et Andr\u00e9a doit maintenant ma\u00eetriser toutes les subtilit\u00e9s de pilotage sur une piste d\u00e9tremp\u00e9e. L\u00e0 encore, Andr\u00e9a se distingue en terminant les qualifications \u00e0 la deuxi\u00e8me place avant de rester sur la m\u00eame dynamique avec une nouvelle deuxi\u00e8me place en demi-finale. Le pilote du DA Racing se place sur la premi\u00e8re ligne de la finale et \u00e0 l&rsquo;issue de 7 tours o\u00f9 il \u00e9vite les nombreux pi\u00e8ges, Andr\u00e9a franchit la ligne d&rsquo;arriv\u00e9e en troisi\u00e8me position, son premier podium en Supercar, et remonte \u00e0 la deuxi\u00e8me place du classement provisoire du championnat de France.<\/p>\n<p><strong>Andr\u00e9a Dubourg, pilote DS3 Supercar DAR #23<\/strong><br \/>\n\u00ab Je suis arriv\u00e9 \u00e0 Ch\u00e2teauroux dans le m\u00eame \u00e9tat d&rsquo;esprit que lors de ma premi\u00e8re course avec la DS3 RX DAR \u00e0 Essay avec l&rsquo;envie de me perfectionner un peu plus au volant d&rsquo;une Supercar. La premi\u00e8re manche de samedi a confirm\u00e9 ce que nous avions constat\u00e9 \u00e0 Essay. Dimanche, nous devions nous familiariser avec les r\u00e9glages de la DS3 RX DAR sous la pluie avec peu d&rsquo;adh\u00e9rence. Si nous savons que nous avons encore un peu de travail dans ce domaine, nous disposons de bonnes bases et les chronos r\u00e9alis\u00e9s tout le long de la journ\u00e9e avec ma troisi\u00e8me place en finale sont des points tr\u00e8s positifs, d&rsquo;autant que j&rsquo;ai une fois de plus l&rsquo;impression d&rsquo;avoir franchi un step ce week-end avec toujours autant de plaisir au volant de la DS3 RX DAR. Je r\u00e9alise \u00e9galement une tr\u00e8s bonne op\u00e9ration au Championnat de France puisque je passe de la cinqui\u00e8me \u00e0 la deuxi\u00e8me place, bref je vais compter les jours avant la prochaine \u00e9tape chez moi \u00e0 Faleyras. \u00bb<\/p>\n<p><strong>TELEVISON<\/strong><br \/>\nRetrouver le r\u00e9sum\u00e9 de l&rsquo;\u00e9preuve de Ch\u00e2teauroux sur L&rsquo;Equipe 21 le jeudi 2 juin \u00e0 partir de 16h45.<\/p>\n<p><strong>RESULTATS CH\u00c2TEAUROUX<\/strong><br \/>\nQ1 : 1er \/\/ Q2 : 4e \/\/ Q3 : 9e \/\/ Q4 : 2e<br \/>\nClassement interm\u00e9diaire : 2e<br \/>\nDemi-finale : 2e<br \/>\nFinale : 3e<\/p>\n<p><strong>CHAMPIONNAT DE FRANCE<\/strong><br \/>\n1. F. Chanoine 69 pts, 2. Andr\u00e9a Dubourg 67, 3. F. Cadeau 64, 4. P. Maloigne 57, 5. C. Jouet 45<\/p>\n<p style=\"font-size: 10px;\">Sources : <a href=\"http:\/\/www.daracing.fr\">www.daracing.fr <\/a><\/p>\n<p style=\"font-size: 10px;\">Cr\u00e9dits photos : <a href=\"https:\/\/www.facebook.com\/remy.jouhaud\">R\u00e9my Jouhaud<\/a><\/p>\n","protected":false},"excerpt":{"rendered":"<p>Quelques images de glisse pour un podium Andr\u00e9a Dubourg a vite compris le mode d&#8217;emploi de la DS3 RX DAR quatre roues motrices d\u00e9veloppant 550 chevaux. Le pilote du DA Racing est mont\u00e9 sur le podium d\u00e8s sa deuxi\u00e8me course et en profite pour r\u00e9aliser une tr\u00e8s bonne op\u00e9ration pour le Championnat de France.<\/p>\n","protected":false},"author":1,"featured_media":5461,"comment_status":"open","ping_status":"open","sticky":false,"template":"","format":"standard","meta":{"footnotes":""},"categories":[40],"tags":[],"class_list":["post-5458","post","type-post","status-publish","format-standard","has-post-thumbnail","hentry","category-sport"],"_links":{"self":[{"href":"http:\/\/www.stve.fr\/Actu\/wp-json\/wp\/v2\/posts\/5458","targetHints":{"allow":["GET"]}}],"collection":[{"href":"http:\/\/www.stve.fr\/Actu\/wp-json\/wp\/v2\/posts"}],"about":[{"href":"http:\/\/www.stve.fr\/Actu\/wp-json\/wp\/v2\/types\/post"}],"author":[{"embeddable":true,"href":"http:\/\/www.stve.fr\/Actu\/wp-json\/wp\/v2\/users\/1"}],"replies":[{"embeddable":true,"href":"http:\/\/www.stve.fr\/Actu\/wp-json\/wp\/v2\/comments?post=5458"}],"version-history":[{"count":2,"href":"http:\/\/www.stve.fr\/Actu\/wp-json\/wp\/v2\/posts\/5458\/revisions"}],"predecessor-version":[{"id":5471,"href":"http:\/\/www.stve.fr\/Actu\/wp-json\/wp\/v2\/posts\/5458\/revisions\/5471"}],"wp:featuredmedia":[{"embeddable":true,"href":"http:\/\/www.stve.fr\/Actu\/wp-json\/wp\/v2\/media\/5461"}],"wp:attachment":[{"href":"http:\/\/www.stve.fr\/Actu\/wp-json\/wp\/v2\/media?parent=5458"}],"wp:term":[{"taxonomy":"category","embeddable":true,"href":"http:\/\/www.stve.fr\/Actu\/wp-json\/wp\/v2\/categories?post=5458"},{"taxonomy":"post_tag","embeddable":true,"href":"http:\/\/www.stve.fr\/Actu\/wp-json\/wp\/v2\/tags?post=5458"}],"curies":[{"name":"wp","href":"https:\/\/api.w.org\/{rel}","templated":true}]}}